{"id":54,"date":"2019-02-07T22:55:24","date_gmt":"2019-02-07T22:55:24","guid":{"rendered":"http:\/\/www.foerderverein-cp-fuerth.de\/?p=54"},"modified":"2019-02-09T19:36:53","modified_gmt":"2019-02-09T19:36:53","slug":"ueber-uns-und-mitglied-werden","status":"publish","type":"post","link":"https:\/\/www.foerderverein-cp-fuerth.de\/?p=54","title":{"rendered":"\u00dcber uns und Mitglied werden"},"content":{"rendered":"\n<h3 class=\"wp-block-heading\">Christliche Pfadfinderinnen und Pfadfinder F\u00fcrth e.V. \u2026<\/h3>\n\n\n\n<p>\u2026 ein gemeinn\u00fctziger Verein ohne den vieles nicht m\u00f6glich w\u00e4re.<\/p>\n\n\n\n<p>Der Verein dient dem Stamm Franken F\u00fcrth und dem Stamm Ritter von K\u00fclsheim Burgfarrnbach als Rechtstr\u00e4ger und er hat sich selbst den Zweck erw\u00e4hlt jede materielle und ideelle Hilfe zu geben, die dem Wohle der christlichen Pfadfinderschaft (CP) in F\u00fcrth dient.<\/p>\n\n\n\n<p>So unterh\u00e4lt er unter anderem einen wundersch\u00f6n gelegenen Zeltplatz in der fr\u00e4nkischen Schweiz. Den Weg vom herrenlosen Bauwagen zu unserem <strong>Zeltplatz Affalterthal<\/strong> k\u00f6nnt ihr <a href=\"http:\/\/www.foerderverein-cp-fuerth.de\/?p=18\">hier<\/a> nachlesen.<\/p>\n\n\n\n<p>Seit dem Jahr 2016 hat der Verein ein sch\u00f6n gelegenes Waldgrundst\u00fcck mit zwei Blockh\u00fctten in Unterschlauersbach gepachtet. Der Platz dient unseren St\u00e4mmen vorallem in der kalten Jahreszeit als Ort f\u00fcr ihre Lager. Mehr \u00fcber den Platz k\u00f6nnt ihr <a href=\"http:\/\/www.foerderverein-cp-fuerth.de\/?p=34\">hier lesen.<\/a><\/p>\n\n\n\n<div class=\"wp-block-image\"><figure class=\"aligncenter is-resized\"><a href=\"http:\/\/www.foerderverein-cp-fuerth.de\/wp-content\/uploads\/2019\/02\/logo-mit-Schrift.jpg\"><img loading=\"lazy\" decoding=\"async\" src=\"http:\/\/www.foerderverein-cp-fuerth.de\/wp-content\/uploads\/2019\/02\/logo-mit-Schrift-1024x555.jpg\" alt=\"\" class=\"wp-image-6\" width=\"270\" height=\"146\" srcset=\"https:\/\/www.foerderverein-cp-fuerth.de\/wp-content\/uploads\/2019\/02\/logo-mit-Schrift-1024x555.jpg 1024w, https:\/\/www.foerderverein-cp-fuerth.de\/wp-content\/uploads\/2019\/02\/logo-mit-Schrift-300x163.jpg 300w, https:\/\/www.foerderverein-cp-fuerth.de\/wp-content\/uploads\/2019\/02\/logo-mit-Schrift-768x416.jpg 768w, https:\/\/www.foerderverein-cp-fuerth.de\/wp-content\/uploads\/2019\/02\/logo-mit-Schrift-150x81.jpg 150w\" sizes=\"auto, (max-width: 270px) 100vw, 270px\" \/><\/a><figcaption><br>Logo des Freundes-und F\u00f6rderkreises<\/figcaption><\/figure><\/div>\n\n\n\n<p>Zusammen mit dem Stamm Franken und der Kirchengemeinde St. Michael, unterh\u00e4lt unser Verein das Stammesheim des Stamm Franken in der Gemeinde St. Michael in der F\u00fcrther Altstadt \u2013 kurz: <strong>Juhei<\/strong>. Wir haben das Gl\u00fcck f\u00fcr die rund 120 W\u00f6lflinge und Pfadfinder des Stamm Franken \u201eeigene\u201c R\u00e4ume von der Gemeinde St. Michael zur Verf\u00fcgung gestellt zu bekommen. Unser Juhei ist f\u00fcr Viele schon zu ein zweites Zuhause geworden.<\/p>\n\n\n\n<p>Der F\u00f6rderverein bildet mit seinen Mitgliedern das finanzielle R\u00fcckgrat unserer St\u00e4mme. Ob Elternteil eines Stammesmitgliedes, nicht mehr aktiver Pfadfinder oder einfach nur Interessierter: Jeder ist herzlich willkommen. Damit jeder Mitglied in unserem Freundes- und F\u00f6rderkreis werden kann, wird unser Jahresbeitrag nach einer Beitragselbsteinsch\u00e4tzung berechnet: Er betr\u00e4gt mindestens 30 \u20ac und maximal soviel, wie ihr euch leisten k\u00f6nnt. Jedes Mitglied tr\u00e4gt mit dem Beitrag zum Fortbestand unseres Stammes bei. Auch eine reine F\u00f6rdermitgliedschaft ist herzlich willkommen und mit keinerlei aktiven Verpflichtungen verbunden. Helfer bei der j\u00e4hrlichen Zeltplatz und H\u00fcttenaktion sind aber immer gerne gesehen.<\/p>\n\n\n\n<p>Und das Beste, da der Verein gemeinn\u00fctzig anerkannt ist, k\u00f6nnt ihr den Mitgliedsbeitrag bei der Steuer geltend machen.<\/p>\n\n\n\n<p>Also sichere mit deiner Mitgliedschaft den Fortbestand der christlichen Pfadfinderarbeit in F\u00fcrth und erm\u00f6gliche so vielen Kindern und Jugendlichen das Leben in und mit der Natur, \u00dcbernahme von Verantwortung in einer Gruppe und das Leben christlicher Werte verbunden mit jeder Menge Spa\u00df und Abenteuer.<\/p>\n\n\n\n<p style=\"text-align:center\"><a href=\"http:\/\/www.foerderverein-cp-fuerth.de\/Unterlagen\/Mitgliedsantrag_V5_web.pdf\" target=\"_blank\" rel=\"noreferrer noopener\" aria-label=\"Aufnahmeantrag f\u00fcr die Mitgliedschaft im Freundes-&amp; F\u00f6rderkreis Christliche Pfadfinderinnen und Pfadfinder F\u00fcrth e.V. (\u00f6ffnet in neuem Tab)\">Aufnahmeantrag f\u00fcr die Mitgliedschaft im Freundes-&amp; F\u00f6rderkreis Christliche Pfadfinderinnen und Pfadfinder F\u00fcrth e.V.<\/a><\/p>\n\n\n\n<p style=\"text-align:center\"><strong>(Aufnahmeantrag ist nach dem Speichern am PC ausf\u00fcllbar)<\/strong><\/p>\n","protected":false},"excerpt":{"rendered":"<p>Christliche Pfadfinderinnen und Pfadfinder F\u00fcrth e.V. \u2026 \u2026 ein gemeinn\u00fctziger Verein ohne den vieles nicht m\u00f6glich w\u00e4re. Der Verein dient dem Stamm Franken F\u00fcrth und dem Stamm Ritter von K\u00fclsheim Burgfarrnbach als Rechtstr\u00e4ger und er hat sich selbst den Zweck erw\u00e4hlt jede materielle und ideelle Hilfe zu geben, die dem&#8230;<\/p>\n<p class=\"continue-reading-button\"> <a class=\"continue-reading-link\" href=\"https:\/\/www.foerderverein-cp-fuerth.de\/?p=54\">Mehr lesen<i class=\"crycon-right-dir\"><\/i><\/a><\/p>\n","protected":false},"author":1,"featured_media":6,"comment_status":"closed","ping_status":"open","sticky":false,"template":"","format":"standard","meta":{"footnotes":""},"categories":[1],"tags":[],"class_list":["post-54","post","type-post","status-publish","format-standard","has-post-thumbnail","hentry","category-uncategorized"],"yoast_head":"<!-- This site is optimized with the Yoast SEO plugin v27.0 - https:\/\/yoast.com\/product\/yoast-seo-wordpress\/ -->\n<title>\u00dcber uns und Mitglied werden - Foerderverein CP Fuerth<\/title>\n<meta name=\"robots\" content=\"index, follow, max-snippet:-1, max-image-preview:large, max-video-preview:-1\" \/>\n<link rel=\"canonical\" href=\"https:\/\/www.foerderverein-cp-fuerth.de\/?p=54\" \/>\n<meta property=\"og:locale\" content=\"de_DE\" \/>\n<meta property=\"og:type\" content=\"article\" \/>\n<meta property=\"og:title\" content=\"\u00dcber uns und Mitglied werden - Foerderverein CP Fuerth\" \/>\n<meta property=\"og:description\" content=\"Christliche Pfadfinderinnen und Pfadfinder F\u00fcrth e.V. \u2026 \u2026 ein gemeinn\u00fctziger Verein ohne den vieles nicht m\u00f6glich w\u00e4re. Der Verein dient dem Stamm Franken F\u00fcrth und dem Stamm Ritter von K\u00fclsheim Burgfarrnbach als Rechtstr\u00e4ger und er hat sich selbst den Zweck erw\u00e4hlt jede materielle und ideelle Hilfe zu geben, die dem... Mehr lesen\" \/>\n<meta property=\"og:url\" content=\"https:\/\/www.foerderverein-cp-fuerth.de\/?p=54\" \/>\n<meta property=\"og:site_name\" content=\"Foerderverein CP Fuerth\" \/>\n<meta property=\"article:published_time\" content=\"2019-02-07T22:55:24+00:00\" \/>\n<meta property=\"article:modified_time\" content=\"2019-02-09T19:36:53+00:00\" \/>\n<meta property=\"og:image\" content=\"http:\/\/www.foerderverein-cp-fuerth.de\/wp-content\/uploads\/2019\/02\/logo-mit-Schrift.jpg\" \/>\n\t<meta property=\"og:image:width\" content=\"3377\" \/>\n\t<meta property=\"og:image:height\" content=\"1830\" \/>\n\t<meta property=\"og:image:type\" content=\"image\/jpeg\" \/>\n<meta name=\"author\" content=\"k90185\" \/>\n<meta name=\"twitter:card\" content=\"summary_large_image\" \/>\n<meta name=\"twitter:label1\" content=\"Verfasst von\" \/>\n\t<meta name=\"twitter:data1\" content=\"k90185\" \/>\n\t<meta name=\"twitter:label2\" content=\"Gesch\u00e4tzte Lesezeit\" \/>\n\t<meta name=\"twitter:data2\" content=\"2\u00a0Minuten\" \/>\n<script type=\"application\/ld+json\" class=\"yoast-schema-graph\">{\"@context\":\"https:\/\/schema.org\",\"@graph\":[{\"@type\":\"Article\",\"@id\":\"https:\/\/www.foerderverein-cp-fuerth.de\/?p=54#article\",\"isPartOf\":{\"@id\":\"https:\/\/www.foerderverein-cp-fuerth.de\/?p=54\"},\"author\":{\"name\":\"k90185\",\"@id\":\"https:\/\/www.foerderverein-cp-fuerth.de\/#\/schema\/person\/9c875c3c3159bd0f2c6b12f79797a845\"},\"headline\":\"\u00dcber uns und Mitglied werden\",\"datePublished\":\"2019-02-07T22:55:24+00:00\",\"dateModified\":\"2019-02-09T19:36:53+00:00\",\"mainEntityOfPage\":{\"@id\":\"https:\/\/www.foerderverein-cp-fuerth.de\/?p=54\"},\"wordCount\":419,\"image\":{\"@id\":\"https:\/\/www.foerderverein-cp-fuerth.de\/?p=54#primaryimage\"},\"thumbnailUrl\":\"https:\/\/www.foerderverein-cp-fuerth.de\/wp-content\/uploads\/2019\/02\/logo-mit-Schrift.jpg\",\"articleSection\":[\"Uncategorized\"],\"inLanguage\":\"de\"},{\"@type\":\"WebPage\",\"@id\":\"https:\/\/www.foerderverein-cp-fuerth.de\/?p=54\",\"url\":\"https:\/\/www.foerderverein-cp-fuerth.de\/?p=54\",\"name\":\"\u00dcber uns und Mitglied werden - Foerderverein CP Fuerth\",\"isPartOf\":{\"@id\":\"https:\/\/www.foerderverein-cp-fuerth.de\/#website\"},\"primaryImageOfPage\":{\"@id\":\"https:\/\/www.foerderverein-cp-fuerth.de\/?p=54#primaryimage\"},\"image\":{\"@id\":\"https:\/\/www.foerderverein-cp-fuerth.de\/?p=54#primaryimage\"},\"thumbnailUrl\":\"https:\/\/www.foerderverein-cp-fuerth.de\/wp-content\/uploads\/2019\/02\/logo-mit-Schrift.jpg\",\"datePublished\":\"2019-02-07T22:55:24+00:00\",\"dateModified\":\"2019-02-09T19:36:53+00:00\",\"author\":{\"@id\":\"https:\/\/www.foerderverein-cp-fuerth.de\/#\/schema\/person\/9c875c3c3159bd0f2c6b12f79797a845\"},\"breadcrumb\":{\"@id\":\"https:\/\/www.foerderverein-cp-fuerth.de\/?p=54#breadcrumb\"},\"inLanguage\":\"de\",\"potentialAction\":[{\"@type\":\"ReadAction\",\"target\":[\"https:\/\/www.foerderverein-cp-fuerth.de\/?p=54\"]}]},{\"@type\":\"ImageObject\",\"inLanguage\":\"de\",\"@id\":\"https:\/\/www.foerderverein-cp-fuerth.de\/?p=54#primaryimage\",\"url\":\"https:\/\/www.foerderverein-cp-fuerth.de\/wp-content\/uploads\/2019\/02\/logo-mit-Schrift.jpg\",\"contentUrl\":\"https:\/\/www.foerderverein-cp-fuerth.de\/wp-content\/uploads\/2019\/02\/logo-mit-Schrift.jpg\",\"width\":3377,\"height\":1830},{\"@type\":\"BreadcrumbList\",\"@id\":\"https:\/\/www.foerderverein-cp-fuerth.de\/?p=54#breadcrumb\",\"itemListElement\":[{\"@type\":\"ListItem\",\"position\":1,\"name\":\"Startseite\",\"item\":\"https:\/\/www.foerderverein-cp-fuerth.de\/\"},{\"@type\":\"ListItem\",\"position\":2,\"name\":\"\u00dcber uns und Mitglied werden\"}]},{\"@type\":\"WebSite\",\"@id\":\"https:\/\/www.foerderverein-cp-fuerth.de\/#website\",\"url\":\"https:\/\/www.foerderverein-cp-fuerth.de\/\",\"name\":\"Foerderverein CP Fuerth\",\"description\":\"Christliche Pfadfinder in F\u00fcrth\",\"potentialAction\":[{\"@type\":\"SearchAction\",\"target\":{\"@type\":\"EntryPoint\",\"urlTemplate\":\"https:\/\/www.foerderverein-cp-fuerth.de\/?s={search_term_string}\"},\"query-input\":{\"@type\":\"PropertyValueSpecification\",\"valueRequired\":true,\"valueName\":\"search_term_string\"}}],\"inLanguage\":\"de\"},{\"@type\":\"Person\",\"@id\":\"https:\/\/www.foerderverein-cp-fuerth.de\/#\/schema\/person\/9c875c3c3159bd0f2c6b12f79797a845\",\"name\":\"k90185\",\"url\":\"https:\/\/www.foerderverein-cp-fuerth.de\/?author=1\"}]}<\/script>\n<!-- \/ Yoast SEO plugin. -->","yoast_head_json":{"title":"\u00dcber uns und Mitglied werden - Foerderverein CP Fuerth","robots":{"index":"index","follow":"follow","max-snippet":"max-snippet:-1","max-image-preview":"max-image-preview:large","max-video-preview":"max-video-preview:-1"},"canonical":"https:\/\/www.foerderverein-cp-fuerth.de\/?p=54","og_locale":"de_DE","og_type":"article","og_title":"\u00dcber uns und Mitglied werden - Foerderverein CP Fuerth","og_description":"Christliche Pfadfinderinnen und Pfadfinder F\u00fcrth e.V. \u2026 \u2026 ein gemeinn\u00fctziger Verein ohne den vieles nicht m\u00f6glich w\u00e4re. Der Verein dient dem Stamm Franken F\u00fcrth und dem Stamm Ritter von K\u00fclsheim Burgfarrnbach als Rechtstr\u00e4ger und er hat sich selbst den Zweck erw\u00e4hlt jede materielle und ideelle Hilfe zu geben, die dem... Mehr lesen","og_url":"https:\/\/www.foerderverein-cp-fuerth.de\/?p=54","og_site_name":"Foerderverein CP Fuerth","article_published_time":"2019-02-07T22:55:24+00:00","article_modified_time":"2019-02-09T19:36:53+00:00","og_image":[{"width":3377,"height":1830,"url":"http:\/\/www.foerderverein-cp-fuerth.de\/wp-content\/uploads\/2019\/02\/logo-mit-Schrift.jpg","type":"image\/jpeg"}],"author":"k90185","twitter_card":"summary_large_image","twitter_misc":{"Verfasst von":"k90185","Gesch\u00e4tzte Lesezeit":"2\u00a0Minuten"},"schema":{"@context":"https:\/\/schema.org","@graph":[{"@type":"Article","@id":"https:\/\/www.foerderverein-cp-fuerth.de\/?p=54#article","isPartOf":{"@id":"https:\/\/www.foerderverein-cp-fuerth.de\/?p=54"},"author":{"name":"k90185","@id":"https:\/\/www.foerderverein-cp-fuerth.de\/#\/schema\/person\/9c875c3c3159bd0f2c6b12f79797a845"},"headline":"\u00dcber uns und Mitglied werden","datePublished":"2019-02-07T22:55:24+00:00","dateModified":"2019-02-09T19:36:53+00:00","mainEntityOfPage":{"@id":"https:\/\/www.foerderverein-cp-fuerth.de\/?p=54"},"wordCount":419,"image":{"@id":"https:\/\/www.foerderverein-cp-fuerth.de\/?p=54#primaryimage"},"thumbnailUrl":"https:\/\/www.foerderverein-cp-fuerth.de\/wp-content\/uploads\/2019\/02\/logo-mit-Schrift.jpg","articleSection":["Uncategorized"],"inLanguage":"de"},{"@type":"WebPage","@id":"https:\/\/www.foerderverein-cp-fuerth.de\/?p=54","url":"https:\/\/www.foerderverein-cp-fuerth.de\/?p=54","name":"\u00dcber uns und Mitglied werden - Foerderverein CP Fuerth","isPartOf":{"@id":"https:\/\/www.foerderverein-cp-fuerth.de\/#website"},"primaryImageOfPage":{"@id":"https:\/\/www.foerderverein-cp-fuerth.de\/?p=54#primaryimage"},"image":{"@id":"https:\/\/www.foerderverein-cp-fuerth.de\/?p=54#primaryimage"},"thumbnailUrl":"https:\/\/www.foerderverein-cp-fuerth.de\/wp-content\/uploads\/2019\/02\/logo-mit-Schrift.jpg","datePublished":"2019-02-07T22:55:24+00:00","dateModified":"2019-02-09T19:36:53+00:00","author":{"@id":"https:\/\/www.foerderverein-cp-fuerth.de\/#\/schema\/person\/9c875c3c3159bd0f2c6b12f79797a845"},"breadcrumb":{"@id":"https:\/\/www.foerderverein-cp-fuerth.de\/?p=54#breadcrumb"},"inLanguage":"de","potentialAction":[{"@type":"ReadAction","target":["https:\/\/www.foerderverein-cp-fuerth.de\/?p=54"]}]},{"@type":"ImageObject","inLanguage":"de","@id":"https:\/\/www.foerderverein-cp-fuerth.de\/?p=54#primaryimage","url":"https:\/\/www.foerderverein-cp-fuerth.de\/wp-content\/uploads\/2019\/02\/logo-mit-Schrift.jpg","contentUrl":"https:\/\/www.foerderverein-cp-fuerth.de\/wp-content\/uploads\/2019\/02\/logo-mit-Schrift.jpg","width":3377,"height":1830},{"@type":"BreadcrumbList","@id":"https:\/\/www.foerderverein-cp-fuerth.de\/?p=54#breadcrumb","itemListElement":[{"@type":"ListItem","position":1,"name":"Startseite","item":"https:\/\/www.foerderverein-cp-fuerth.de\/"},{"@type":"ListItem","position":2,"name":"\u00dcber uns und Mitglied werden"}]},{"@type":"WebSite","@id":"https:\/\/www.foerderverein-cp-fuerth.de\/#website","url":"https:\/\/www.foerderverein-cp-fuerth.de\/","name":"Foerderverein CP Fuerth","description":"Christliche Pfadfinder in F\u00fcrth","potentialAction":[{"@type":"SearchAction","target":{"@type":"EntryPoint","urlTemplate":"https:\/\/www.foerderverein-cp-fuerth.de\/?s={search_term_string}"},"query-input":{"@type":"PropertyValueSpecification","valueRequired":true,"valueName":"search_term_string"}}],"inLanguage":"de"},{"@type":"Person","@id":"https:\/\/www.foerderverein-cp-fuerth.de\/#\/schema\/person\/9c875c3c3159bd0f2c6b12f79797a845","name":"k90185","url":"https:\/\/www.foerderverein-cp-fuerth.de\/?author=1"}]}},"_links":{"self":[{"href":"https:\/\/www.foerderverein-cp-fuerth.de\/index.php?rest_route=\/wp\/v2\/posts\/54","targetHints":{"allow":["GET"]}}],"collection":[{"href":"https:\/\/www.foerderverein-cp-fuerth.de\/index.php?rest_route=\/wp\/v2\/posts"}],"about":[{"href":"https:\/\/www.foerderverein-cp-fuerth.de\/index.php?rest_route=\/wp\/v2\/types\/post"}],"author":[{"embeddable":true,"href":"https:\/\/www.foerderverein-cp-fuerth.de\/index.php?rest_route=\/wp\/v2\/users\/1"}],"replies":[{"embeddable":true,"href":"https:\/\/www.foerderverein-cp-fuerth.de\/index.php?rest_route=%2Fwp%2Fv2%2Fcomments&post=54"}],"version-history":[{"count":5,"href":"https:\/\/www.foerderverein-cp-fuerth.de\/index.php?rest_route=\/wp\/v2\/posts\/54\/revisions"}],"predecessor-version":[{"id":72,"href":"https:\/\/www.foerderverein-cp-fuerth.de\/index.php?rest_route=\/wp\/v2\/posts\/54\/revisions\/72"}],"wp:featuredmedia":[{"embeddable":true,"href":"https:\/\/www.foerderverein-cp-fuerth.de\/index.php?rest_route=\/wp\/v2\/media\/6"}],"wp:attachment":[{"href":"https:\/\/www.foerderverein-cp-fuerth.de\/index.php?rest_route=%2Fwp%2Fv2%2Fmedia&parent=54"}],"wp:term":[{"taxonomy":"category","embeddable":true,"href":"https:\/\/www.foerderverein-cp-fuerth.de\/index.php?rest_route=%2Fwp%2Fv2%2Fcategories&post=54"},{"taxonomy":"post_tag","embeddable":true,"href":"https:\/\/www.foerderverein-cp-fuerth.de\/index.php?rest_route=%2Fwp%2Fv2%2Ftags&post=54"}],"curies":[{"name":"wp","href":"https:\/\/api.w.org\/{rel}","templated":true}]}}